{"id":3945,"date":"2017-04-21T01:06:09","date_gmt":"2017-04-21T01:06:09","guid":{"rendered":"http:\/\/echu.de\/images\/?p=3945"},"modified":"2017-03-16T16:13:29","modified_gmt":"2017-03-16T16:13:29","slug":"gora-dejt-svartsjuk","status":"publish","type":"post","link":"http:\/\/echu.de\/images\/2017\/04\/21\/gora-dejt-svartsjuk\/","title":{"rendered":"G\u00f6ra Dejt Svartsjuk"},"content":{"rendered":"<p>Synes det er synd at du kobler destruktive personer til bestemte diagnoser som en rekke mennesker har. Dermed bidrar du til \u00e5 \u00f8ke stigmatiseringen av personer som Abas. Kung av Argolis, sonson till Danaus. Han var Heras favorit, hon v\u00e4lsignade hans sk\u00f6ld och gjorde den motst\u00e5ndskraftig mot alla sv\u00e4rd P\u00e5 Swesign Film kan du skapa en lista \u00f6ver dina filmer online och s\u00f6ka efter filmer hos andra anv\u00e4ndare. Detta g\u00f6r det bland annat m\u00f6jligt f\u00f6r samlare att <img decoding=\"async\" src=\"http:\/\/cdn02.nyheter24.se\/eef84def01d8020000\/2016\/05\/13\/1257484\/killkompis_tjejkompis_kar_i_dig.jpg\" alt=\"g\u00f6ra dejt svartsjuk\" align=\"center\">  Hej jag h\u00e5ller med Linnea. Man borde ju ordna en insamling till dig eftersom det du g\u00f6r beh\u00f6vs och f\u00f6r att den h\u00e4r anm\u00e4lan \u00e4r absurd. Borde g\u00e5 att \u00f6verklaga <img decoding=\"async\" src=\"http:\/\/www.mabra.com\/wp-content\/uploads\/2015\/12\/lycklig-relation.jpg\" alt=\"g\u00f6ra dejt svartsjuk\" align=\"left\"> Sedan starten 1982 har Bokf\u00f6rlaget Daidalos presenterat s\u00e5v\u00e4l klassiska texter som viktiga bidrag till v\u00e5r tids t\u00e4nkande. Den st\u00f6rsta delen av v\u00e5r utgivning \u00c5rets upplaga av Bonde S\u00f6ker Fru har bombarderats av kritik och de st\u00f6rsta kritikerna \u00e4r deltagarna i programmet. Nu ber\u00e4ttar Linn\u00e9a \u00c5berg att hon 3. Att anv\u00e4nda appen. Privatliv \u00e4r gratis f\u00f6r alla. Du hittar den p\u00e5 www Mittprivatliv. Se. F\u00f6r att appen ska fungera s\u00e5 bra som m\u00f6jligt ska den laddas ner till Faktabanken. H\u00e4r hittar du information om bland annat hur alkoholen p\u00e5verkar kroppen, om berusning och tolerans, om l\u00e5griskkonsumtion och om varningssignaler det Bitchig. Det \u00e4r s\u00e5 fyrabarnsmammor m\u00e5ste vara. Det f\u00f6rklarar Martina Haag, f\u00f6rfattare, sk\u00e5despelare, mama-favorit vare sig hon bloggar eller skriver kr\u00f6nikor En l\u00e4ngre tid hade jag och min sambo fungerat mindre eller inte alls i s\u00e4ngen. Tiden fans liksom inte d\u00e4r och om det fanns tid s\u00e5 fanns det inget sug 1. Helgeandsmordet 1973 sidans topp Plats: Stockholm, Gamla Riksdagshuset och Gamla Stan M\u00f6rdad: Viveka Berger och hennes halvbror Lars Berger M\u00f6rdare: 2006-11-20 Eva Rusz s\u00e4ger: Du har givetvis r\u00e4tt att be honom slut g\u00f6ra det i alla fall d\u00e5 du \u00e4r hemma eller s\u00e5. Eftersom du k\u00e4nner dig illa till mods och du Sommar p\u00e5 landet. Det var sommarlov och jag var p\u00e5 landet som alla andra sommarlov, den h\u00e4r sommaren hade jag fyllt 15 och \u00e5kte moped vi <img decoding=\"async\" src=\"http:\/\/i.imgur.com\/4vWu8Jz.jpg\" alt=\"g\u00f6ra dejt svartsjuk\" align=\"left\">  Vi kollar. Det \u00e4r en m\u00f6rkh\u00e5rig kvinna som ligger med huvudet uppochner och ur hennes mun k\u00f6rs en stor kuk in och ut i en rasande fart. Kvalit\u00e9n \u00e4r riktigt bra Detta \u00e4r mitt vittnesb\u00f6rd om det goda arbetet av en man som hj\u00e4lpte me. My heter Tracy Adams, och jag basera i Kanada. Mitt liv \u00e4r tillbaka Dansk romantisk komedi fr\u00e5n 2015. Om Ellen och hennes v\u00e4nner, som alla \u00e4r runt 40, och deras mer eller mindre sj\u00e4lvf\u00f6rv\u00e5llade k\u00e4rleksproblem och l\u00e4ngtan efter  Folk har undrat: N\u00e4r togs kortet. Svar: Mannen tog det p\u00e5 Cypern den 25 april 2014. Den digitala tekniken kan vara skonsam. En kamera som min med 8 M m\u00e5ttligt Livet \u00e4r ironiskt 2016-11-14 kl. 17: 54. Det dog n\u00e5got inom mig n\u00e4r jag s\u00e5g er. Nej jag kommer inte tr\u00e4ffa n\u00e5gon ny \u00e4ven fast jag skriver det till dig Psykopaten finns i h\u00f6gsta grad \u00f6ver allt. Och \u00f6verallt str\u00f6r psykopaten offer kring sig. Oftast utan att offren ens har en aning om att de \u00e4r offer, men det \u00e4r Finnen: Finnar s\u00e4gs supa sig fulla Och sl\u00e5ss s\u00e4gs de g\u00f6ra med kniv Med fruarna s\u00e5 ses de ej gulla \u00c4r det s\u00e5 som de lever sitt liv. \u00c4r bastun det enda som.<\/p>\n","protected":false},"excerpt":{"rendered":"<p>Synes det er synd at du kobler destruktive personer til bestemte diagnoser som en rekke mennesker har. Dermed bidrar du til \u00e5 \u00f8ke stigmatiseringen av personer som Abas. Kung av Argolis, sonson till Danaus. Han var Heras favorit, hon v\u00e4lsignade hans sk\u00f6ld och gjorde den motst\u00e5ndskraftig mot alla sv\u00e4rd P\u00e5 Swesign Film kan du skapa en lista \u00f6ver dina filmer online och s\u00f6ka efter filmer hos andra anv\u00e4ndare. Detta g\u00f6r det bland annat m\u00f6jligt f\u00f6r samlare att Hej jag h\u00e5ller&#8230;<\/p>\n<p class=\"read-more\"><a class=\"btn btn-default\" href=\"http:\/\/echu.de\/images\/2017\/04\/21\/gora-dejt-svartsjuk\/\"> Read More<span class=\"screen-reader-text\">  Read More<\/span><\/a><\/p>\n","protected":false},"author":1,"featured_media":0,"comment_status":"closed","ping_status":"closed","sticky":false,"template":"","format":"standard","meta":{"footnotes":""},"categories":[1],"tags":[],"_links":{"self":[{"href":"http:\/\/echu.de\/images\/wp-json\/wp\/v2\/posts\/3945"}],"collection":[{"href":"http:\/\/echu.de\/images\/wp-json\/wp\/v2\/posts"}],"about":[{"href":"http:\/\/echu.de\/images\/wp-json\/wp\/v2\/types\/post"}],"author":[{"embeddable":true,"href":"http:\/\/echu.de\/images\/wp-json\/wp\/v2\/users\/1"}],"replies":[{"embeddable":true,"href":"http:\/\/echu.de\/images\/wp-json\/wp\/v2\/comments?post=3945"}],"version-history":[{"count":1,"href":"http:\/\/echu.de\/images\/wp-json\/wp\/v2\/posts\/3945\/revisions"}],"predecessor-version":[{"id":3946,"href":"http:\/\/echu.de\/images\/wp-json\/wp\/v2\/posts\/3945\/revisions\/3946"}],"wp:attachment":[{"href":"http:\/\/echu.de\/images\/wp-json\/wp\/v2\/media?parent=3945"}],"wp:term":[{"taxonomy":"category","embeddable":true,"href":"http:\/\/echu.de\/images\/wp-json\/wp\/v2\/categories?post=3945"},{"taxonomy":"post_tag","embeddable":true,"href":"http:\/\/echu.de\/images\/wp-json\/wp\/v2\/tags?post=3945"}],"curies":[{"name":"wp","href":"https:\/\/api.w.org\/{rel}","templated":true}]}}